{"id":302,"date":"2018-12-04T16:44:32","date_gmt":"2018-12-04T15:44:32","guid":{"rendered":"https:\/\/www.erapalermo.eu\/?p=302"},"modified":"2018-12-06T11:38:56","modified_gmt":"2018-12-06T10:38:56","slug":"corso-base-di-radio-comunicazioni-in-emergenza","status":"publish","type":"post","link":"https:\/\/www.erapalermo.eu\/index.php\/2018\/12\/04\/corso-base-di-radio-comunicazioni-in-emergenza\/","title":{"rendered":"Corso Base  Radio &#8220;Comunicazioni in Emergenza&#8221;"},"content":{"rendered":"<p>&nbsp;<\/p>\n<p>Agrigento &#8211; \u00a0Si \u00e8 svolto sabato 1 dicembre 2018 presso la sede del Dipartimento Regionale di Protezione Civile di Agrigento \u00a0un incontro specifico sulle radiocomunicazioni in emergenza , incontro previsto all\u2019interno del corso Base per Volontari di protezione civile organizzato ai sensi del D.D.G. n.5 del 27\/01\/2015. Presenti all&#8217;evento volontari aderenti alla Protezione Civile della provincia di Agrigento. Il corso \u00e8 stato introdotto dal presidente dell&#8217;associazione E.R.A Provinciale di Palermo, Giovanni Arcuri che ha illustrato proiettando slide il funzionamento delle radio e il loro utilizzo in situazioni emergenza. Marco Maggio successivamente \u00a0ha preso la parola puntando alla professionalit\u00e0, di chi deve utilizzare una radio ricetrasmittente, ha parlato delle sue caratteristiche e successivamente ha chiarito cosa siano e cosa servano le frequenze, ed inoltre si \u00e8 parlato delle leggi che regolano l\u2019utilizzo delle radio\u00a0 . Guido Battiato e Antongiulio Cuttitta hanno successivamente informato i presenti sulle norme comportamentali e i vari schemi dei tipi di livelli emergenziali e sull&#8217;uso corretto e preciso del linguaggio che un operatore di protezione civile deve adoperare.<\/p>\n<p>Obbiettivo dell\u2019incontro \u00e8 stato quello di permettere \u00a0ai volontari di utilizzare al meglio le radiotrasmittenti. L&#8217;importanza delle radiocomunicazioni in emergenza \u00e8 fondamentale anche nell&#8217;era degli iphone e degli ipad perch\u00e9 in occasione di calamit\u00e0 le linee convenzionali di comunicazione saltano ed entrano in campo i nostri tipi di comunicazione che mettono a contatto i vari livelli territoriali<\/p>\n<p>. <img decoding=\"async\" loading=\"lazy\" class=\"alignnone size-medium wp-image-350\" src=\"https:\/\/www.erapalermo.eu\/wp-content\/uploads\/2018\/12\/20181204_121224-300x231.jpg\" alt=\"\" width=\"300\" height=\"231\" srcset=\"https:\/\/www.erapalermo.eu\/wp-content\/uploads\/2018\/12\/20181204_121224-300x231.jpg 300w, https:\/\/www.erapalermo.eu\/wp-content\/uploads\/2018\/12\/20181204_121224-768x592.jpg 768w, https:\/\/www.erapalermo.eu\/wp-content\/uploads\/2018\/12\/20181204_121224-1024x790.jpg 1024w, https:\/\/www.erapalermo.eu\/wp-content\/uploads\/2018\/12\/20181204_121224-1230x949.jpg 1230w, https:\/\/www.erapalermo.eu\/wp-content\/uploads\/2018\/12\/20181204_121224.jpg 1456w\" sizes=\"(max-width: 300px) 100vw, 300px\" \/><\/p>\n<p>Subito dopo la teoria \u00e8 stata simulata una emergenza idrogeologica , formate le squadre \u201c Alfa 1\u201d\u00a0 \u201c Bravo 2\u201d e \u201c Delta 3\u201d sotto la guida dei \u00a0nostri soci Giovanni Scelfo e Riccobono Emanaule , le stesse sono state inviate <u>Alfa 1<\/u> presso la foce del fiume , la <u>Bravo 2 <\/u>\u00a0presso una fattoria che a causa delle piogge insistenti\u00a0 risultava irraggiungibile e la <u>Delta 3<\/u> a verificare una frana . In questo modo si \u00e8 data la possibilit\u00e0 ai volontari di comunicare via radio in una situazione di emergenza.<\/p>\n<a class=\"synved-social-button synved-social-button-share synved-social-size-48 synved-social-resolution-single synved-social-provider-facebook nolightbox\" data-provider=\"facebook\" target=\"_blank\" rel=\"nofollow\" title=\"Share on Facebook\" href=\"https:\/\/www.facebook.com\/sharer.php?u=https%3A%2F%2Fwww.erapalermo.eu%2Findex.php%2Fwp-json%2Fwp%2Fv2%2Fposts%2F302&#038;t=Corso%20Base%20%20Radio%20%E2%80%9CComunicazioni%20in%20Emergenza%E2%80%9D&#038;s=100&#038;p&#091;url&#093;=https%3A%2F%2Fwww.erapalermo.eu%2Findex.php%2Fwp-json%2Fwp%2Fv2%2Fposts%2F302&#038;p&#091;images&#093;&#091;0&#093;=https%3A%2F%2Fwww.erapalermo.eu%2Fwp-content%2Fuploads%2F2018%2F12%2F20181204_120821_resized_1.jpg&#038;p&#091;title&#093;=Corso%20Base%20%20Radio%20%E2%80%9CComunicazioni%20in%20Emergenza%E2%80%9D\" style=\"font-size: 0px;width:48px;height:48px;margin:0;margin-bottom:5px;margin-right:5px\"><img alt=\"Facebook\" title=\"Share on Facebook\" class=\"synved-share-image synved-social-image synved-social-image-share\" width=\"48\" height=\"48\" style=\"display: inline;width:48px;height:48px;margin: 0;padding: 0;border: none;box-shadow: none\" src=\"https:\/\/www.erapalermo.eu\/wp-content\/plugins\/social-media-feather\/synved-social\/image\/social\/regular\/96x96\/facebook.png\" \/><\/a><a class=\"synved-social-button synved-social-button-share synved-social-size-48 synved-social-resolution-single synved-social-provider-twitter nolightbox\" data-provider=\"twitter\" target=\"_blank\" rel=\"nofollow\" title=\"Share on Twitter\" href=\"https:\/\/twitter.com\/intent\/tweet?url=https%3A%2F%2Fwww.erapalermo.eu%2Findex.php%2Fwp-json%2Fwp%2Fv2%2Fposts%2F302&#038;text=Hey%20check%20this%20out\" style=\"font-size: 0px;width:48px;height:48px;margin:0;margin-bottom:5px\"><img alt=\"twitter\" title=\"Share on Twitter\" class=\"synved-share-image synved-social-image synved-social-image-share\" width=\"48\" height=\"48\" style=\"display: inline;width:48px;height:48px;margin: 0;padding: 0;border: none;box-shadow: none\" src=\"https:\/\/www.erapalermo.eu\/wp-content\/plugins\/social-media-feather\/synved-social\/image\/social\/regular\/96x96\/twitter.png\" \/><\/a><a class=\"synved-social-credit\" target=\"_blank\" rel=\"nofollow\" title=\"WordPress Social Media Feather\" href=\"http:\/\/synved.com\/wordpress-social-media-feather\/\" style=\"color:#444;text-decoration:none;font-size:8px;margin-left:5px;vertical-align:10px\"><span>by <\/span><img style=\"display: inline;margin:0;padding:0;width:16px;height:16px\" width=\"16\" height=\"16\" alt=\"feather\" src=\"https:\/\/www.erapalermo.eu\/wp-content\/plugins\/social-media-feather\/synved-social\/image\/icon.png\" \/><\/a>","protected":false},"excerpt":{"rendered":"<p>&nbsp; Agrigento &#8211; \u00a0Si \u00e8 svolto sabato 1 dicembre 2018 presso la sede del Dipartimento Regionale di Protezione Civile di Agrigento \u00a0un incontro specifico&#8230;<\/p>\n","protected":false},"author":6,"featured_media":349,"comment_status":"closed","ping_status":"open","sticky":false,"template":"","format":"standard","meta":{"ngg_post_thumbnail":0,"footnotes":""},"categories":[4],"tags":[],"views":1505,"_links":{"self":[{"href":"https:\/\/www.erapalermo.eu\/index.php\/wp-json\/wp\/v2\/posts\/302"}],"collection":[{"href":"https:\/\/www.erapalermo.eu\/index.php\/wp-json\/wp\/v2\/posts"}],"about":[{"href":"https:\/\/www.erapalermo.eu\/index.php\/wp-json\/wp\/v2\/types\/post"}],"author":[{"embeddable":true,"href":"https:\/\/www.erapalermo.eu\/index.php\/wp-json\/wp\/v2\/users\/6"}],"replies":[{"embeddable":true,"href":"https:\/\/www.erapalermo.eu\/index.php\/wp-json\/wp\/v2\/comments?post=302"}],"version-history":[{"count":6,"href":"https:\/\/www.erapalermo.eu\/index.php\/wp-json\/wp\/v2\/posts\/302\/revisions"}],"predecessor-version":[{"id":417,"href":"https:\/\/www.erapalermo.eu\/index.php\/wp-json\/wp\/v2\/posts\/302\/revisions\/417"}],"wp:featuredmedia":[{"embeddable":true,"href":"https:\/\/www.erapalermo.eu\/index.php\/wp-json\/wp\/v2\/media\/349"}],"wp:attachment":[{"href":"https:\/\/www.erapalermo.eu\/index.php\/wp-json\/wp\/v2\/media?parent=302"}],"wp:term":[{"taxonomy":"category","embeddable":true,"href":"https:\/\/www.erapalermo.eu\/index.php\/wp-json\/wp\/v2\/categories?post=302"},{"taxonomy":"post_tag","embeddable":true,"href":"https:\/\/www.erapalermo.eu\/index.php\/wp-json\/wp\/v2\/tags?post=302"}],"curies":[{"name":"wp","href":"https:\/\/api.w.org\/{rel}","templated":true}]}}