{"id":1921,"date":"2021-11-13T19:01:00","date_gmt":"2021-11-13T18:01:00","guid":{"rendered":"https:\/\/www.erapalermo.eu\/?p=1921"},"modified":"2021-11-18T19:22:29","modified_gmt":"2021-11-18T18:22:29","slug":"era-palermo-la-nuova-sede","status":"publish","type":"post","link":"https:\/\/www.erapalermo.eu\/index.php\/2021\/11\/13\/era-palermo-la-nuova-sede\/","title":{"rendered":"ERA Palermo &#8211; La nuova sede"},"content":{"rendered":"\n<p style=\"text-align: justify;\">L\u2019attivit\u00e0 svolta dalle Associazioni di volontariato di protezione civile non poteva passare inosservata dalle Istituzioni cittadine ed in particolare dal Comune di Palermo, che soltanto col loro aiuto sentito, continuo e disinteressato \u00e8 riuscito a fronteggiare la marea improvvisa del coronavirus che si \u00e8 abbattuta sulla citt\u00e0.<\/p>\n<p style=\"text-align: justify;\">La collaborazione \u00e8 stata sempre continua e partecipata ed ha consentito di superare a testa alta l\u2019impatto delle inevitabili problematiche a 360\u00b0 che si sono presentate per la prima volta nella storia dell\u2019umanit\u00e0 con fenomeni come la pandemia, oltre che per altre circostanze non meno impreviste e cogenti come l\u2019emigrazione, le alluvioni, i terremoti che continuano ad impegnare la Protezione Civile.<\/p>\n<p style=\"text-align: justify;\">All\u2019interno e nei padiglioni dell\u2019ex Fiera del Mediterraneo si \u00e8 concentrato il quartier generale delle strutture mediche per fronteggiare l\u2019impatto vaccinale per la consistente popolazione della citt\u00e0 e l\u2019effettuazione continua e massiccia dei tamponi \u201cdrive in\u201d negli appositi hub, senza dover nemmeno scendere dalle auto.<\/p>\n<p style=\"text-align: justify;\">Di tutto ci\u00f2 hanno preso atto le Istituzioni cittadine di ogni livello ed in particolare il Comune di Palermo, che, oltre a dotare le Associazioni di volontariato di tutto ci\u00f2 che servisse per svolgere al meglio il loro indispensabile compito sociale, hanno deciso di disporre l\u2019assegnazione in comodato d\u2019uso di una palazzina all\u2019interno della Fiera, la 26, ove riunirle tutte in maniera permanente.<\/p>\n<p style=\"text-align: justify;\">Una specie di quartier generale, la sede operativa delle Associazioni di volontariato del COC della Protezione Civile comunale, realizzata per le emergenze che si dovessero verificare nel territorio.<\/p>\n<p style=\"text-align: justify;\">Per la cronaca la Palazzina 26 era il luogo ove ogni anno venivano celebrate le inaugurazioni fieristiche ed \u00e8 costituita da un piano terra con due ingressi, uno che d\u00e0 accesso ad un primo settore diviso in quattro stanze assegnate ad alcune associazioni, mentre dall\u2019entrata principale, il grande salone d\u2019accesso, decorato sulla destra da una enorme decorativo quadro ricoprente l\u2019intera parete, \u00e8 stato assegnato all\u2019ERA, che ha provveduto a ricavarne ben quattro strutture interne per sala direzionale, la sala operativa, il magazzino in sequenza dall\u2019ampia vetrata d\u2019ingresso a sinistra, lasciando la met\u00e0 destra residua disponibile per le riunioni.<\/p>\n<p style=\"text-align: justify;\">In fondo \u00e8 stato creata una porta di accesso ai servizi ed ad una rampa di scala, da cui si accede al piano superiore, ove nelle due stanze gi\u00e0 esistenti sono state allocate altrettante associazioni, mentre il grande salone delle manifestazioni ufficiali \u00e8 stato destinato alla formazione del personale volontario, alle riunioni collegiali, all\u2019addestramento ed alla didattica degli aspiranti radioamatori.<\/p>\n<p style=\"text-align: justify;\">Lo stato di conservazione dello stabile era semplicemente scoraggiante per infiltrazioni d\u2019acqua dal tetto, per un degrado generale dovuto allo stato pluriennale di abbandono.<\/p>\n<p style=\"text-align: justify;\">E\u2019 toccato alle singole Associazioni rimboccarsi le maniche e provvedere ciascuna per la propria porzione di fabbricato assegnata.<\/p>\n<p style=\"text-align: justify;\">Nel tempo di due settimane disponibili per l\u2019inaugurazione l\u2019ERA ha subito attivato la mobilitazione generale nell\u2019incertezza di non potercela fare anche lavorando al massimo, chi pi\u00f9 chi meno, dal primo mattino fino talora a notte.<\/p>\n<p style=\"text-align: justify;\">Ce l\u2019abbiamo fatta! Il giorno 13 novembre 2021 alle 16,30 circa del pomeriggio il Sindaco di Palermo, On. Prof. Leoluca Orlando, ha tagliato il nastro inaugurale e dopo la ricognizione dei locali la riunione plenaria nel salone delle feste per l\u2019assegnazione ufficiale. Alla manifestazione erano presenti oltre il Sindaco, il vicesindaco Fabio Giambrone, l&#8217;assessora al P.C. del Comune di Palermo, Maria Prestigiacomo, il rappresentante della Protezione civile regionale Chicco Alfano, la responsabile dell\u2019ufficio di Protezione civile di Palermo ing. Margherita Di Lorenzo, Tommaso Zerilli, coordinatore dei volontari di Protezione Civile comunale e tutti i volontari delle varie Associazioni beneficiarie impegnate sul territorio.<\/p>\n<p style=\"text-align: justify;\">Apprezzamento \u00e8 stato espresso al volontariato dal Sindaco, riconoscendo che \u00e8 l&#8217;anima della Protezione Civile in questa nostra citt\u00e0, come si \u00e8 dimostrato durante la pandemia specialmente presso la Fiera del Mediterraneo, messa a disposizione di tutti i cittadini in questi mesi terribili. L&#8217;impegno del volontariato ha alleviato le tante sofferenze di chi \u00e8 stato travolto dalla pandemia e ha aiutato a prevenire il diffondersi dei contagi, oltre che intervenire durante le crisi ambientali. La Protezione civile, ha voluto puntualizzare, \u00e8 un bene comune da tutelare e a tal fine ha ringraziato tutti i volontari.<\/p>\n<p style=\"text-align: justify;\">La soddisfazione \u00e8 stata grande da parte dei soci Eraniani, compreso il Segretario nazionale It9nhc Ignazio Pitr\u00e8, in rappresentanza del Presidente nazionale It9lnd Marcello Vella, impossibilitato ad intervenire perch\u00e9 fuori sede. &nbsp;<\/p>\n<p style=\"text-align: justify;\">Specialmente lo \u00e8 stata di quanti si siano prodigati anima e corpo alla ristrutturazione ed alla riqualificazione dei locali, all\u2019 impianto delle antenne sulle frequenze radioamatoriali pi\u00f9 usate ed alla realizzazione della sala radio operativa. A tal fine un ringraziamento in particolare va ad IT9GBC Elio Emanuele Riccobono, instancabile ed eclettico coordinatore ed esecutore di ogni necessit\u00e0 a 360\u00b0, ad IT9HNQ Marco Maggio, realizzatore della sala radio e degli impianti delle antenne, ma non meno efficace la collaborazione <em><u>stakanovista<\/u><\/em> del buon Nunzio Scarcella, il \u201cMessinese di Gazzi\u201d &nbsp;che ha curato la pitturazione dell\u2019intera struttura di nostra spettanza, nonch\u00e9 quella delle donne che col loro tocco finale hanno dato lustro alla nostra nuova sede.<\/p>\n<p style=\"text-align: justify;\">E comunque credo che non possa omettersi di ringraziare tutti, perch\u00e9 ciascuno di noi ha dato di vero cuore il massimo di quello che ha potuto, consentendoci di avere oggi una delle sedi pi\u00f9 dignitose, comode e prestigiose della nostra storia.<\/p>\n<p><strong>It9wat Mimmo Radosta<\/strong><\/p>\n\n\n\nngg_shortcode_0_placeholder\n<a class=\"synved-social-button synved-social-button-share synved-social-size-48 synved-social-resolution-single synved-social-provider-facebook nolightbox\" data-provider=\"facebook\" target=\"_blank\" rel=\"nofollow\" title=\"Share on Facebook\" href=\"https:\/\/www.facebook.com\/sharer.php?u=https%3A%2F%2Fwww.erapalermo.eu%2Findex.php%2Fwp-json%2Fwp%2Fv2%2Fposts%2F1921&#038;t=ERA%20Palermo%20%E2%80%93%20La%20nuova%20sede&#038;s=100&#038;p&#091;url&#093;=https%3A%2F%2Fwww.erapalermo.eu%2Findex.php%2Fwp-json%2Fwp%2Fv2%2Fposts%2F1921&#038;p&#091;images&#093;&#091;0&#093;=https%3A%2F%2Fwww.erapalermo.eu%2Fwp-content%2Fuploads%2F2021%2F11%2FPrima.jpg&#038;p&#091;title&#093;=ERA%20Palermo%20%E2%80%93%20La%20nuova%20sede\" style=\"font-size: 0px;width:48px;height:48px;margin:0;margin-bottom:5px;margin-right:5px\"><img alt=\"Facebook\" title=\"Share on Facebook\" class=\"synved-share-image synved-social-image synved-social-image-share\" width=\"48\" height=\"48\" style=\"display: inline;width:48px;height:48px;margin: 0;padding: 0;border: none;box-shadow: none\" src=\"https:\/\/www.erapalermo.eu\/wp-content\/plugins\/social-media-feather\/synved-social\/image\/social\/regular\/96x96\/facebook.png\" \/><\/a><a class=\"synved-social-button synved-social-button-share synved-social-size-48 synved-social-resolution-single synved-social-provider-twitter nolightbox\" data-provider=\"twitter\" target=\"_blank\" rel=\"nofollow\" title=\"Share on Twitter\" href=\"https:\/\/twitter.com\/intent\/tweet?url=https%3A%2F%2Fwww.erapalermo.eu%2Findex.php%2Fwp-json%2Fwp%2Fv2%2Fposts%2F1921&#038;text=Hey%20check%20this%20out\" style=\"font-size: 0px;width:48px;height:48px;margin:0;margin-bottom:5px\"><img alt=\"twitter\" title=\"Share on Twitter\" class=\"synved-share-image synved-social-image synved-social-image-share\" width=\"48\" height=\"48\" style=\"display: inline;width:48px;height:48px;margin: 0;padding: 0;border: none;box-shadow: none\" src=\"https:\/\/www.erapalermo.eu\/wp-content\/plugins\/social-media-feather\/synved-social\/image\/social\/regular\/96x96\/twitter.png\" \/><\/a><a class=\"synved-social-credit\" target=\"_blank\" rel=\"nofollow\" title=\"WordPress Social Media Feather\" href=\"http:\/\/synved.com\/wordpress-social-media-feather\/\" style=\"color:#444;text-decoration:none;font-size:8px;margin-left:5px;vertical-align:10px\"><span>by <\/span><img style=\"display: inline;margin:0;padding:0;width:16px;height:16px\" width=\"16\" height=\"16\" alt=\"feather\" src=\"https:\/\/www.erapalermo.eu\/wp-content\/plugins\/social-media-feather\/synved-social\/image\/icon.png\" \/><\/a>","protected":false},"excerpt":{"rendered":"<p>L\u2019attivit\u00e0 svolta dalle Associazioni di volontariato di protezione civile non poteva passare inosservata dalle Istituzioni cittadine ed in particolare dal Comune di Palermo, che&#8230;<\/p>\n","protected":false},"author":19,"featured_media":1904,"comment_status":"closed","ping_status":"open","sticky":false,"template":"","format":"standard","meta":{"ngg_post_thumbnail":0,"footnotes":""},"categories":[11,17],"tags":[],"views":1284,"_links":{"self":[{"href":"https:\/\/www.erapalermo.eu\/index.php\/wp-json\/wp\/v2\/posts\/1921"}],"collection":[{"href":"https:\/\/www.erapalermo.eu\/index.php\/wp-json\/wp\/v2\/posts"}],"about":[{"href":"https:\/\/www.erapalermo.eu\/index.php\/wp-json\/wp\/v2\/types\/post"}],"author":[{"embeddable":true,"href":"https:\/\/www.erapalermo.eu\/index.php\/wp-json\/wp\/v2\/users\/19"}],"replies":[{"embeddable":true,"href":"https:\/\/www.erapalermo.eu\/index.php\/wp-json\/wp\/v2\/comments?post=1921"}],"version-history":[{"count":2,"href":"https:\/\/www.erapalermo.eu\/index.php\/wp-json\/wp\/v2\/posts\/1921\/revisions"}],"predecessor-version":[{"id":1923,"href":"https:\/\/www.erapalermo.eu\/index.php\/wp-json\/wp\/v2\/posts\/1921\/revisions\/1923"}],"wp:featuredmedia":[{"embeddable":true,"href":"https:\/\/www.erapalermo.eu\/index.php\/wp-json\/wp\/v2\/media\/1904"}],"wp:attachment":[{"href":"https:\/\/www.erapalermo.eu\/index.php\/wp-json\/wp\/v2\/media?parent=1921"}],"wp:term":[{"taxonomy":"category","embeddable":true,"href":"https:\/\/www.erapalermo.eu\/index.php\/wp-json\/wp\/v2\/categories?post=1921"},{"taxonomy":"post_tag","embeddable":true,"href":"https:\/\/www.erapalermo.eu\/index.php\/wp-json\/wp\/v2\/tags?post=1921"}],"curies":[{"name":"wp","href":"https:\/\/api.w.org\/{rel}","templated":true}]}}