{"id":1267,"date":"2019-11-09T19:16:39","date_gmt":"2019-11-09T18:16:39","guid":{"rendered":"https:\/\/www.erapalermo.eu\/?p=1267"},"modified":"2019-11-19T11:21:14","modified_gmt":"2019-11-19T10:21:14","slug":"progetto-ermes-si-parte","status":"publish","type":"post","link":"https:\/\/www.erapalermo.eu\/index.php\/2019\/11\/09\/progetto-ermes-si-parte\/","title":{"rendered":"Progetto ERMES &#8211; Si parte"},"content":{"rendered":"\n<p style=\"text-align: justify;\"><span style=\"font-family: arial, helvetica, sans-serif;\">E\u2019 con vivo interesse ed &nbsp;entusiasmo che gioved\u00ec 7 novembre scorso \u00e8 stata accolta la consegna e la successiva dimostrazione di un primo stock di apparati digitali, da parte dalla nota casa Motorola presso la nostra Sezione di Palermo,&nbsp; facenti parte di un ambizioso progetto denominato \u201c Ermes\u201d, il cui obiettivo non \u00e8 altro che quello di creare una rete di comunicazioni digitali in DMR fra tutte le Sezioni Era d\u2019Italia.<\/span><\/p>\n<p style=\"text-align: justify;\"><span style=\"font-family: arial, helvetica, sans-serif;\">Promotore di tale iniziativa non poteva che essere un personaggio, che non solo ha creato la nostra Associazione, ma ne ha poi promosso un lungimirante sviluppo, senza demordere&nbsp; dinanzi a remore mentali di sorta, n\u00e9 ad ostacoli reali. Non \u00e8 il caso che ve ne dica il nome, n\u00e9 il cognome, pur scontato, per non essere tacciato di ruffianeria, ma anche perch\u00e9 non sottovaluto la vostra sagace immaginazione.<\/span><\/p>\n<p style=\"text-align: justify;\"><span style=\"font-family: arial, helvetica, sans-serif;\">Anche se gi\u00e0 a conoscenza di questa iniziativa, colti di sorpresa per la sua sollecita insolita celerit\u00e0, questi i primi entusiastici commenti dal vivo su <em>WhatsApp<\/em> da parte dei soci Era di Palermo:<\/span><\/p>\n<p style=\"text-align: justify;\"><span style=\"font-family: 'andale mono', monospace;\"><strong>Tony MARLETTA<\/strong>: <em>Buon giorno ragazzi. Ieri sera il progetto ERMES &#8211; ERA Nazionale, con il contributo del Dipartimento Nazionale di Protezione Civile, ha preso forma. Presso la nostra sede sono stati consegnati una parte degli apparecchi radio in digitale DMR che faranno parte della colonna nazionale, che ad oggi sar\u00e0 composta da 7 ponti in tutta Italia. A breve il ponte verr\u00e0 posto in altura. Attualmente \u00e8 acceso e funzionante. Coloro i quali avessero gi\u00e0 programmato la radio DMR potranno effettuare le prime prove di trasmissione. <\/em><\/span><span style=\"font-family: 'andale mono', monospace;\"><em>Grazie. <\/em><\/span><span style=\"font-family: 'andale mono', monospace;\"><em>Tony IW9CHH<\/em><\/span><\/p>\n<p style=\"text-align: justify;\"><span style=\"font-family: arial, helvetica, sans-serif;\">Successivamente il Presidente ERA Palermo Giovanni Arcuri Commenta sempre in WApp<\/span><\/p>\n<p style=\"text-align: justify;\"><span style=\"font-family: 'andale mono', monospace;\"><strong>Giovanni Arcuri:<\/strong> <em>Si ma un in bocca al lupo anche al nostro Tony IW9CHH per l&#8217;impegno che dovr\u00e0 mettere per portare avanti il progetto ERMES. E un invito a tutti i soci a partecipare alle nostre attivit\u00e0 di volontariato<\/em>.<\/span><\/p>\n<p style=\"text-align: justify;\"><span style=\"font-family: 'andale mono', monospace;\"><strong>Tony MARLETTA<\/strong>: <em>Grazie a tutti per la vostra collaborazione, ma io sono solo l&#8217;esecutore di un progetto ambizioso e riuscito realizzato dal nostro presidente nazionale Marcello Vella, che&nbsp; dedica ogni minuto libero della sua giornata alla crescita dell&#8217;ERA. <\/em><\/span><span style=\"font-family: 'andale mono', monospace;\"><em>Grazie Marcello a nome di tutti.<\/em><\/span><span style=\"font-family: 'andale mono', monospace;\"><em>Tony IW9CHH<\/em><\/span><\/p>\n<p style=\"text-align: justify;\"><span style=\"font-family: 'andale mono', monospace;\"><strong>Marcello VELLA<\/strong>: <em>Tnx a voi ttt.<\/em><\/span><\/p>\n<p style=\"text-align: justify;\"><span style=\"font-family: arial, helvetica, sans-serif;\">Quanto sopra non credo che abbisogni di alcun commento!<\/span><\/p>\n<p style=\"text-align: justify;\"><span style=\"font-family: arial, helvetica, sans-serif;\">La rete di ripetitori dovranno essere posizionati strategicamente lungo lo Stivale per ottenere una interconnessione radio fra le varie Sezioni Era, sia in occasione di ordinari scambi di comunicazioni, che nel caso in auspicato di emergenze.<\/span><\/p>\n<p style=\"text-align: justify;\"><span style=\"font-family: arial, helvetica, sans-serif;\">Il geniale artefice realizzatore della rete e, di conseguenza il responsabile del la sua funzionalit\u00e0 e della gestione, per chi ancora non ne fosse informato, \u00e8 IW9CHH Tony MARLETTA della Sezione palermitana, per felice scelta e nomina da parte del nostro Presidente Nazionale, a riconoscimento della sua profonda preparazione nel campo delle comunicazioni digitali in generale e DMR in particolare, di cui \u00e8 esperto, ma anche istruttore per tutti noi.<\/span><\/p>\n<p style=\"text-align: justify;\"><span style=\"font-family: arial, helvetica, sans-serif;\">In questo breve, ma&nbsp; chiarificativo passaggio dello stesso Tony, il senso di quanto sopra annunciato.<\/span><\/p>\n<p style=\"text-align: justify;\"><span style=\"font-family: 'andale mono', monospace;\"><em><strong>Tony MARLETTA<\/strong>: Il progetto ERMES (Ermes,Dio delle comunicazioni) \u00e8 stato realizzato grazie ai contributi della protezione civile nazionale. <\/em><\/span><span style=\"font-family: 'andale mono', monospace;\"><em>Prevede la realizzazione di una dorsale di ponti radio composta da 7 ponti cos\u00ec distribuiti:<\/em><\/span><\/p>\n<p style=\"text-align: justify;\"><span style=\"font-family: 'andale mono', monospace;\"><em>Sede ERA Palermo, <\/em><\/span><span style=\"font-family: 'andale mono', monospace;\"><em>Sede ERA Foggia,&nbsp;<\/em><\/span><span style=\"font-family: 'andale mono', monospace;\"><em>Sede ERA Salerno,&nbsp;<\/em><\/span><span style=\"font-family: 'andale mono', monospace;\"><em>Sede ERA Padova,<\/em><\/span><span style=\"font-family: 'andale mono', monospace;\"><em>Sede ERA San Benedetto del Tronto,&nbsp;<\/em><\/span><span style=\"font-family: 'andale mono', monospace;\"><em>Sede ERA Imperia, <\/em><\/span><span style=\"font-family: 'andale mono', monospace;\"><em>Sede ERA Cagliari<\/em><\/span><\/p>\n<p style=\"text-align: justify;\"><span style=\"font-family: 'andale mono', monospace;\"><em>Ciascun&nbsp; ponte in tecnologia digitale sar\u00e0 corredato da 3 portatili, 1 veicolare , 1 apparato base, antenne cavi e adattatori pronti per l&#8217;istallazione. Inoltre, le sedi di Palermo e Foggia saranno dotate di server per la gestione nazionale delle comunicazioni della dorsale.<\/em><\/span><\/p>\n<p style=\"text-align: justify;\"><span style=\"font-family: 'andale mono', monospace;\"><em>Tutte le apparecchiature sono marcate Motorola.<\/em><\/span><\/p>\n<p style=\"text-align: justify;\"><span style=\"font-family: arial, helvetica, sans-serif;\"><em>Un prossimo progetto, realizzato dal nostro Presidente Nazionale Marcello Vella, preveder\u00e0 l&#8217;istallazione di ulteriori ponti per una maggiore copertura dell&#8217;intera nazione.-<\/em><\/span><\/p>\n<p style=\"text-align: justify;\"><span style=\"font-family: arial, helvetica, sans-serif;\">IT9WAT Mimmo<\/span><\/p>\n\n\n\nngg_shortcode_0_placeholder\n<a class=\"synved-social-button synved-social-button-share synved-social-size-48 synved-social-resolution-single synved-social-provider-facebook nolightbox\" data-provider=\"facebook\" target=\"_blank\" rel=\"nofollow\" title=\"Share on Facebook\" href=\"https:\/\/www.facebook.com\/sharer.php?u=https%3A%2F%2Fwww.erapalermo.eu%2Findex.php%2Fwp-json%2Fwp%2Fv2%2Fposts%2F1267&#038;t=Progetto%20ERMES%20%E2%80%93%20Si%20parte&#038;s=100&#038;p&#091;url&#093;=https%3A%2F%2Fwww.erapalermo.eu%2Findex.php%2Fwp-json%2Fwp%2Fv2%2Fposts%2F1267&#038;p&#091;images&#093;&#091;0&#093;=https%3A%2F%2Fwww.erapalermo.eu%2Fwp-content%2Fuploads%2F2019%2F11%2FIMG-20191108-WA0015.jpg&#038;p&#091;title&#093;=Progetto%20ERMES%20%E2%80%93%20Si%20parte\" style=\"font-size: 0px;width:48px;height:48px;margin:0;margin-bottom:5px;margin-right:5px\"><img alt=\"Facebook\" title=\"Share on Facebook\" class=\"synved-share-image synved-social-image synved-social-image-share\" width=\"48\" height=\"48\" style=\"display: inline;width:48px;height:48px;margin: 0;padding: 0;border: none;box-shadow: none\" src=\"https:\/\/www.erapalermo.eu\/wp-content\/plugins\/social-media-feather\/synved-social\/image\/social\/regular\/96x96\/facebook.png\" \/><\/a><a class=\"synved-social-button synved-social-button-share synved-social-size-48 synved-social-resolution-single synved-social-provider-twitter nolightbox\" data-provider=\"twitter\" target=\"_blank\" rel=\"nofollow\" title=\"Share on Twitter\" href=\"https:\/\/twitter.com\/intent\/tweet?url=https%3A%2F%2Fwww.erapalermo.eu%2Findex.php%2Fwp-json%2Fwp%2Fv2%2Fposts%2F1267&#038;text=Hey%20check%20this%20out\" style=\"font-size: 0px;width:48px;height:48px;margin:0;margin-bottom:5px\"><img alt=\"twitter\" title=\"Share on Twitter\" class=\"synved-share-image synved-social-image synved-social-image-share\" width=\"48\" height=\"48\" style=\"display: inline;width:48px;height:48px;margin: 0;padding: 0;border: none;box-shadow: none\" src=\"https:\/\/www.erapalermo.eu\/wp-content\/plugins\/social-media-feather\/synved-social\/image\/social\/regular\/96x96\/twitter.png\" \/><\/a><a class=\"synved-social-credit\" target=\"_blank\" rel=\"nofollow\" title=\"WordPress Social Media Feather\" href=\"http:\/\/synved.com\/wordpress-social-media-feather\/\" style=\"color:#444;text-decoration:none;font-size:8px;margin-left:5px;vertical-align:10px\"><span>by <\/span><img style=\"display: inline;margin:0;padding:0;width:16px;height:16px\" width=\"16\" height=\"16\" alt=\"feather\" src=\"https:\/\/www.erapalermo.eu\/wp-content\/plugins\/social-media-feather\/synved-social\/image\/icon.png\" \/><\/a>","protected":false},"excerpt":{"rendered":"<p>E\u2019 con vivo interesse ed &nbsp;entusiasmo che gioved\u00ec 7 novembre scorso \u00e8 stata accolta la consegna e la successiva dimostrazione di un primo stock&#8230;<\/p>\n","protected":false},"author":19,"featured_media":1275,"comment_status":"closed","ping_status":"open","sticky":false,"template":"","format":"standard","meta":{"ngg_post_thumbnail":0,"footnotes":""},"categories":[8,11],"tags":[],"views":2559,"_links":{"self":[{"href":"https:\/\/www.erapalermo.eu\/index.php\/wp-json\/wp\/v2\/posts\/1267"}],"collection":[{"href":"https:\/\/www.erapalermo.eu\/index.php\/wp-json\/wp\/v2\/posts"}],"about":[{"href":"https:\/\/www.erapalermo.eu\/index.php\/wp-json\/wp\/v2\/types\/post"}],"author":[{"embeddable":true,"href":"https:\/\/www.erapalermo.eu\/index.php\/wp-json\/wp\/v2\/users\/19"}],"replies":[{"embeddable":true,"href":"https:\/\/www.erapalermo.eu\/index.php\/wp-json\/wp\/v2\/comments?post=1267"}],"version-history":[{"count":6,"href":"https:\/\/www.erapalermo.eu\/index.php\/wp-json\/wp\/v2\/posts\/1267\/revisions"}],"predecessor-version":[{"id":1289,"href":"https:\/\/www.erapalermo.eu\/index.php\/wp-json\/wp\/v2\/posts\/1267\/revisions\/1289"}],"wp:featuredmedia":[{"embeddable":true,"href":"https:\/\/www.erapalermo.eu\/index.php\/wp-json\/wp\/v2\/media\/1275"}],"wp:attachment":[{"href":"https:\/\/www.erapalermo.eu\/index.php\/wp-json\/wp\/v2\/media?parent=1267"}],"wp:term":[{"taxonomy":"category","embeddable":true,"href":"https:\/\/www.erapalermo.eu\/index.php\/wp-json\/wp\/v2\/categories?post=1267"},{"taxonomy":"post_tag","embeddable":true,"href":"https:\/\/www.erapalermo.eu\/index.php\/wp-json\/wp\/v2\/tags?post=1267"}],"curies":[{"name":"wp","href":"https:\/\/api.w.org\/{rel}","templated":true}]}}